{"id":6175,"date":"2017-03-16T20:17:37","date_gmt":"2017-03-16T20:17:37","guid":{"rendered":"http:\/\/colegiomariareina.cl\/2013\/?p=6175"},"modified":"2017-03-16T20:17:37","modified_gmt":"2017-03-16T20:17:37","slug":"festividad-de-san-jose-e-inicio-oficial-del-ano-escolar-2017-19-de-marzo-a-las-1200-horas","status":"publish","type":"post","link":"https:\/\/colegiomariareina.cl\/2025\/festividad-de-san-jose-e-inicio-oficial-del-ano-escolar-2017-19-de-marzo-a-las-1200-horas\/","title":{"rendered":"Festividad de San Jos\u00e9 e inicio Oficial del a\u00f1o Escolar 2017.- 19 de marzo a las 12:00 horas"},"content":{"rendered":"<h3 style=\"text-align: center;\">Hna. <strong>Mar\u00eda Dolores Alija R<\/strong>., Directora del Colegio <strong>Mar\u00eda Reina Inmaculada<\/strong>, con motivo de la festividad de <b>San Jos\u00e9<\/b> e inicio oficial del a\u00f1o escolar 2017, invita a toda las familias a participar de la <b><i>Eucarist\u00eda<\/i><\/b> que se celebrar\u00e1 el Domingo 19 <b>\u00a0de marzo a las 12:00 horas<\/b> en la Parroquia <strong>\u201c Nuestra Sra. de la Merced\u201d.<\/strong><\/h3>\n<h3 style=\"text-align: center;\">\u00a0\u00a0\u00a0\u00a0\u00a0\u00a0\u00a0\u00a0\u00a0\u00a0\u00a0 Con motivo de su\u00a0 patrono San Jos\u00e9, las <strong>Hnas. Josefinas Trinitarias<\/strong>,\u00a0 renovar\u00e1n los votos y fidelidad a su Consagraci\u00f3n.<\/h3>\n<h3 style=\"text-align: center;\" align=\"center\">Contamos con la asistencia de toda la familia Josefina Trinitaria.<\/h3>\n<h3 style=\"text-align: center;\" align=\"center\"><span style=\"color: #ffffff;\">.<\/span><\/h3>\n<h3 style=\"text-align: center;\" align=\"center\">Hna. M\u00b0 Dolores Alija R<\/h3>\n","protected":false},"excerpt":{"rendered":"<p>Hna. Mar\u00eda Dolores Alija R., Directora del Colegio Mar\u00eda Reina Inmaculada, con motivo de la festividad de San Jos\u00e9 e inicio oficial del a\u00f1o escolar 2017, invita a toda las familias a participar de la Eucarist\u00eda que se celebrar\u00e1 el Domingo 19 \u00a0de marzo a las 12:00 horas en la Parroquia \u201c Nuestra Sra. de [&hellip;]<\/p>\n","protected":false},"author":1,"featured_media":6176,"comment_status":"open","ping_status":"open","sticky":false,"template":"","format":"standard","meta":{"_et_pb_use_builder":"","_et_pb_old_content":"","_et_gb_content_width":"","footnotes":""},"categories":[3],"tags":[],"class_list":["post-6175","post","type-post","status-publish","format-standard","has-post-thumbnail","hentry","category-noticias"],"_links":{"self":[{"href":"https:\/\/colegiomariareina.cl\/2025\/wp-json\/wp\/v2\/posts\/6175","targetHints":{"allow":["GET"]}}],"collection":[{"href":"https:\/\/colegiomariareina.cl\/2025\/wp-json\/wp\/v2\/posts"}],"about":[{"href":"https:\/\/colegiomariareina.cl\/2025\/wp-json\/wp\/v2\/types\/post"}],"author":[{"embeddable":true,"href":"https:\/\/colegiomariareina.cl\/2025\/wp-json\/wp\/v2\/users\/1"}],"replies":[{"embeddable":true,"href":"https:\/\/colegiomariareina.cl\/2025\/wp-json\/wp\/v2\/comments?post=6175"}],"version-history":[{"count":0,"href":"https:\/\/colegiomariareina.cl\/2025\/wp-json\/wp\/v2\/posts\/6175\/revisions"}],"wp:featuredmedia":[{"embeddable":true,"href":"https:\/\/colegiomariareina.cl\/2025\/wp-json\/"}],"wp:attachment":[{"href":"https:\/\/colegiomariareina.cl\/2025\/wp-json\/wp\/v2\/media?parent=6175"}],"wp:term":[{"taxonomy":"category","embeddable":true,"href":"https:\/\/colegiomariareina.cl\/2025\/wp-json\/wp\/v2\/categories?post=6175"},{"taxonomy":"post_tag","embeddable":true,"href":"https:\/\/colegiomariareina.cl\/2025\/wp-json\/wp\/v2\/tags?post=6175"}],"curies":[{"name":"wp","href":"https:\/\/api.w.org\/{rel}","templated":true}]}}