{"id":6197,"date":"2017-04-04T12:31:33","date_gmt":"2017-04-04T12:31:33","guid":{"rendered":"http:\/\/colegiomariareina.cl\/2013\/?p=6197"},"modified":"2017-04-04T12:31:33","modified_gmt":"2017-04-04T12:31:33","slug":"invitacion-a-feria-del-libro-2017-sabado-8-de-abril-de-1000-hrs-a-1300-hrs","status":"publish","type":"post","link":"https:\/\/colegiomariareina.cl\/2025\/invitacion-a-feria-del-libro-2017-sabado-8-de-abril-de-1000-hrs-a-1300-hrs\/","title":{"rendered":"INVITACI\u00d3N A FERIA DEL LIBRO 2017.- S\u00c1BADO 8 DE ABRIL DE 10:00 hrs a 13:00 hrs."},"content":{"rendered":"<h1 style=\"text-align: center;\"><a href=\"http:\/\/colegiomariareina.cl\/2013\/wp-content\/uploads\/2017\/04\/feria-del-libro.pdf\">INVITACI\u00d3N A LA FERIA DEL LIBRO 2017<\/a><br \/>\n<a href=\"http:\/\/colegiomariareina.cl\/2013\/wp-content\/uploads\/2017\/04\/feria-del-libro.pdf\"> S\u00c1BADO 8 DE ABRIL DE 10:00 hrs a 13:00 hrs.<\/a><\/h1>\n<h1 style=\"text-align: center;\"><span style=\"color: #ffffff;\">.<\/span><br \/>\nTRAE EL LIBRO QUE YA NO USAS Y LL\u00c9VATE LO QUE NECESITAS.<br \/>\nTODOS LOS CURSOS INVITADOS A PARTICIPAR, AN\u00cdMATE !!<\/h1>\n<p>&nbsp;<\/p>\n<h2>NOTA: Para Armar Stand de Feria del libro este S\u00e1bado 8 de Abril , la llegada de los cursos debe ser a las 09:30 am en el gimnasio del Colegio. Se les facilitar\u00e1n sillas y mesas.<\/h2>\n","protected":false},"excerpt":{"rendered":"<p>INVITACI\u00d3N A LA FERIA DEL LIBRO 2017 S\u00c1BADO 8 DE ABRIL DE 10:00 hrs a 13:00 hrs. . TRAE EL LIBRO QUE YA NO USAS Y LL\u00c9VATE LO QUE NECESITAS. TODOS LOS CURSOS INVITADOS A PARTICIPAR, AN\u00cdMATE !! &nbsp; NOTA: Para Armar Stand de Feria del libro este S\u00e1bado 8 de Abril , la llegada [&hellip;]<\/p>\n","protected":false},"author":1,"featured_media":6198,"comment_status":"open","ping_status":"open","sticky":false,"template":"","format":"standard","meta":{"_et_pb_use_builder":"","_et_pb_old_content":"","_et_gb_content_width":"","footnotes":""},"categories":[3],"tags":[],"class_list":["post-6197","post","type-post","status-publish","format-standard","has-post-thumbnail","hentry","category-noticias"],"_links":{"self":[{"href":"https:\/\/colegiomariareina.cl\/2025\/wp-json\/wp\/v2\/posts\/6197","targetHints":{"allow":["GET"]}}],"collection":[{"href":"https:\/\/colegiomariareina.cl\/2025\/wp-json\/wp\/v2\/posts"}],"about":[{"href":"https:\/\/colegiomariareina.cl\/2025\/wp-json\/wp\/v2\/types\/post"}],"author":[{"embeddable":true,"href":"https:\/\/colegiomariareina.cl\/2025\/wp-json\/wp\/v2\/users\/1"}],"replies":[{"embeddable":true,"href":"https:\/\/colegiomariareina.cl\/2025\/wp-json\/wp\/v2\/comments?post=6197"}],"version-history":[{"count":0,"href":"https:\/\/colegiomariareina.cl\/2025\/wp-json\/wp\/v2\/posts\/6197\/revisions"}],"wp:featuredmedia":[{"embeddable":true,"href":"https:\/\/colegiomariareina.cl\/2025\/wp-json\/"}],"wp:attachment":[{"href":"https:\/\/colegiomariareina.cl\/2025\/wp-json\/wp\/v2\/media?parent=6197"}],"wp:term":[{"taxonomy":"category","embeddable":true,"href":"https:\/\/colegiomariareina.cl\/2025\/wp-json\/wp\/v2\/categories?post=6197"},{"taxonomy":"post_tag","embeddable":true,"href":"https:\/\/colegiomariareina.cl\/2025\/wp-json\/wp\/v2\/tags?post=6197"}],"curies":[{"name":"wp","href":"https:\/\/api.w.org\/{rel}","templated":true}]}}