{"id":6259,"date":"2017-04-16T23:13:14","date_gmt":"2017-04-16T23:13:14","guid":{"rendered":"http:\/\/colegiomariareina.cl\/2013\/?p=6259"},"modified":"2017-04-16T23:13:14","modified_gmt":"2017-04-16T23:13:14","slug":"celebracion-de-los-misterios-pascuales-cmri-19-y-20-de-abril","status":"publish","type":"post","link":"https:\/\/colegiomariareina.cl\/2025\/celebracion-de-los-misterios-pascuales-cmri-19-y-20-de-abril\/","title":{"rendered":"CELEBRACI\u00d3N DE LOS MISTERIOS PASCUALES &#8211; CMRI .-12 y 13 de Abril,2017"},"content":{"rendered":"<h2>La Comunidad educativa del Colegio M\u00b0 Reina Inmaculada ha celebrado con profundo recogimiento y en oraci\u00f3n , los Misterios Pascuales.<\/h2>\n<p><span style=\"color: #ffffff;\">.<\/span><\/p>\n<h2 style=\"text-align: center;\"><span style=\"color: #0000ff;\"><strong><a href=\"http:\/\/colegiomariareina.cl\/2013\/?p=6362\"><span style=\"color: #0000ff;\">1\u00b0\u00a0<\/span><\/a><\/strong><\/span><\/h2>\n<h3 style=\"text-align: center;\"><strong><span style=\"color: #0000ff;\"><a href=\"http:\/\/colegiomariareina.cl\/2013\/?p=6362\"><span style=\"color: #0000ff;\">Los ni\u00f1os celebrando junto a sus profesores la reflexi\u00f3n del Triduo Pascual <\/span><\/a><\/span><\/strong><\/h3>\n<p style=\"text-align: center;\"><strong><span style=\"color: #0000ff;\"><a href=\"http:\/\/colegiomariareina.cl\/2013\/?p=6362\"><span style=\"color: #0000ff;\">(Click ver Im\u00e1genes).<\/span><\/a><\/span><\/strong><\/p>\n<p><span style=\"color: #ffffff;\">.<\/span><\/p>\n<h2 style=\"text-align: center;\"><span style=\"color: #0000ff;\"><strong><a href=\"http:\/\/colegiomariareina.cl\/2013\/?p=6263\"><span style=\"color: #0000ff;\">2\u00b0\u00a0<\/span><\/a><\/strong><\/span><\/h2>\n<h3 style=\"text-align: center;\"><strong><span style=\"color: #0000ff;\"><a href=\"http:\/\/colegiomariareina.cl\/2013\/?p=6263\"><span style=\"color: #0000ff;\">El V\u00eda Crucis de todo el personal\u00a0 por las dependencias del colegio preparado por \u00a0ellos mismos cada Estaci\u00f3n <\/span><\/a><\/span><\/strong><\/h3>\n<p style=\"text-align: center;\"><span style=\"color: #0000ff;\"><a href=\"http:\/\/colegiomariareina.cl\/2013\/?p=6263\"><span style=\"color: #0000ff;\">(Click ver Im\u00e1genes).<\/span><\/a><\/span><\/p>\n<p><span style=\"color: #ffffff;\">.<\/span><\/p>\n<h2 style=\"text-align: center;\"><span style=\"color: #0000ff;\"><strong>3\u00b0<\/strong><\/span><\/h2>\n<h3 style=\"text-align: center;\"><strong><span style=\"color: #0000ff;\"><a href=\"http:\/\/colegiomariareina.cl\/2013\/?p=6667\"><span style=\"color: #0000ff;\">\u00a0La acci\u00f3n fraterna de los Docentes en el hogar con los abuelitos<\/span><\/a>.<\/span><\/strong><\/h3>\n<p style=\"text-align: center;\"><span style=\"color: #0000ff;\"><a href=\"http:\/\/colegiomariareina.cl\/2013\/?p=6362\"><span style=\"color: #0000ff;\">(Click ver Im\u00e1genes).<\/span><\/a><\/span><\/p>\n<h2><\/h2>\n","protected":false},"excerpt":{"rendered":"<p>La Comunidad educativa del Colegio M\u00b0 Reina Inmaculada ha celebrado con profundo recogimiento y en oraci\u00f3n , los Misterios Pascuales. . 1\u00b0\u00a0 Los ni\u00f1os celebrando junto a sus profesores la reflexi\u00f3n del Triduo Pascual (Click ver Im\u00e1genes). . 2\u00b0\u00a0 El V\u00eda Crucis de todo el personal\u00a0 por las dependencias del colegio preparado por \u00a0ellos mismos [&hellip;]<\/p>\n","protected":false},"author":1,"featured_media":6358,"comment_status":"open","ping_status":"open","sticky":false,"template":"","format":"standard","meta":{"_et_pb_use_builder":"","_et_pb_old_content":"","_et_gb_content_width":"","footnotes":""},"categories":[3],"tags":[],"class_list":["post-6259","post","type-post","status-publish","format-standard","has-post-thumbnail","hentry","category-noticias"],"_links":{"self":[{"href":"https:\/\/colegiomariareina.cl\/2025\/wp-json\/wp\/v2\/posts\/6259","targetHints":{"allow":["GET"]}}],"collection":[{"href":"https:\/\/colegiomariareina.cl\/2025\/wp-json\/wp\/v2\/posts"}],"about":[{"href":"https:\/\/colegiomariareina.cl\/2025\/wp-json\/wp\/v2\/types\/post"}],"author":[{"embeddable":true,"href":"https:\/\/colegiomariareina.cl\/2025\/wp-json\/wp\/v2\/users\/1"}],"replies":[{"embeddable":true,"href":"https:\/\/colegiomariareina.cl\/2025\/wp-json\/wp\/v2\/comments?post=6259"}],"version-history":[{"count":0,"href":"https:\/\/colegiomariareina.cl\/2025\/wp-json\/wp\/v2\/posts\/6259\/revisions"}],"wp:featuredmedia":[{"embeddable":true,"href":"https:\/\/colegiomariareina.cl\/2025\/wp-json\/"}],"wp:attachment":[{"href":"https:\/\/colegiomariareina.cl\/2025\/wp-json\/wp\/v2\/media?parent=6259"}],"wp:term":[{"taxonomy":"category","embeddable":true,"href":"https:\/\/colegiomariareina.cl\/2025\/wp-json\/wp\/v2\/categories?post=6259"},{"taxonomy":"post_tag","embeddable":true,"href":"https:\/\/colegiomariareina.cl\/2025\/wp-json\/wp\/v2\/tags?post=6259"}],"curies":[{"name":"wp","href":"https:\/\/api.w.org\/{rel}","templated":true}]}}