{"id":630,"date":"2013-08-20T21:43:42","date_gmt":"2013-08-20T21:43:42","guid":{"rendered":"http:\/\/colegiomariareina.cl\/2013\/?p=630"},"modified":"2013-08-20T21:43:42","modified_gmt":"2013-08-20T21:43:42","slug":"muestra-de-historia-geografia-taller-de-ciencias","status":"publish","type":"post","link":"https:\/\/colegiomariareina.cl\/2025\/muestra-de-historia-geografia-taller-de-ciencias\/","title":{"rendered":"MUESTRA DE HISTORIA \u2013 GEOGRAFIA \u2013 TALLER DE CIENCIAS"},"content":{"rendered":"<p>El d\u00eda mi\u00e9rcoles 07 de Agosto se realiz\u00f3 la Muestra de Historia, Geograf\u00eda y\u00a0 Taller de Ciencias. Se felicita a los profesores y estudiantes\u00a0 participantes en esta muestra,\u00a0 por el esfuerzo y el desarrollo del trabajo permanente en las salas de clases.<\/p>\n<p><a href=\"http:\/\/colegiomariareina.cl\/2013\/wp-content\/uploads\/2013\/08\/muestra02.jpg\"><img loading=\"lazy\" decoding=\"async\" class=\"alignleft size-thumbnail wp-image-632\" alt=\"muestra02\" src=\"http:\/\/colegiomariareina.cl\/2013\/wp-content\/uploads\/2013\/08\/muestra02-100x100.jpg\" width=\"100\" height=\"100\" \/><\/a><a href=\"http:\/\/colegiomariareina.cl\/2013\/wp-content\/uploads\/2013\/08\/muestra03.jpg\"><img loading=\"lazy\" decoding=\"async\" class=\"alignleft size-thumbnail wp-image-633\" alt=\"muestra03\" src=\"http:\/\/colegiomariareina.cl\/2013\/wp-content\/uploads\/2013\/08\/muestra03-100x100.jpg\" width=\"100\" height=\"100\" \/><\/a><a href=\"http:\/\/colegiomariareina.cl\/2013\/wp-content\/uploads\/2013\/08\/muestra04.jpg\"><img loading=\"lazy\" decoding=\"async\" class=\"alignleft size-thumbnail wp-image-634\" alt=\"muestra04\" src=\"http:\/\/colegiomariareina.cl\/2013\/wp-content\/uploads\/2013\/08\/muestra04-100x100.jpg\" width=\"100\" height=\"100\" \/><\/a><\/p>\n","protected":false},"excerpt":{"rendered":"<p>El d\u00eda mi\u00e9rcoles 07 de Agosto se realiz\u00f3 la Muestra de Historia, Geograf\u00eda y\u00a0 Taller de Ciencias. Se felicita a los profesores y estudiantes\u00a0 participantes en esta muestra,\u00a0 por el esfuerzo y el desarrollo del trabajo permanente en las salas de clases.<\/p>\n","protected":false},"author":1,"featured_media":631,"comment_status":"open","ping_status":"open","sticky":false,"template":"","format":"standard","meta":{"_et_pb_use_builder":"","_et_pb_old_content":"","_et_gb_content_width":"","footnotes":""},"categories":[3],"tags":[],"class_list":["post-630","post","type-post","status-publish","format-standard","has-post-thumbnail","hentry","category-noticias"],"_links":{"self":[{"href":"https:\/\/colegiomariareina.cl\/2025\/wp-json\/wp\/v2\/posts\/630","targetHints":{"allow":["GET"]}}],"collection":[{"href":"https:\/\/colegiomariareina.cl\/2025\/wp-json\/wp\/v2\/posts"}],"about":[{"href":"https:\/\/colegiomariareina.cl\/2025\/wp-json\/wp\/v2\/types\/post"}],"author":[{"embeddable":true,"href":"https:\/\/colegiomariareina.cl\/2025\/wp-json\/wp\/v2\/users\/1"}],"replies":[{"embeddable":true,"href":"https:\/\/colegiomariareina.cl\/2025\/wp-json\/wp\/v2\/comments?post=630"}],"version-history":[{"count":0,"href":"https:\/\/colegiomariareina.cl\/2025\/wp-json\/wp\/v2\/posts\/630\/revisions"}],"wp:featuredmedia":[{"embeddable":true,"href":"https:\/\/colegiomariareina.cl\/2025\/wp-json\/wp\/v2\/media\/631"}],"wp:attachment":[{"href":"https:\/\/colegiomariareina.cl\/2025\/wp-json\/wp\/v2\/media?parent=630"}],"wp:term":[{"taxonomy":"category","embeddable":true,"href":"https:\/\/colegiomariareina.cl\/2025\/wp-json\/wp\/v2\/categories?post=630"},{"taxonomy":"post_tag","embeddable":true,"href":"https:\/\/colegiomariareina.cl\/2025\/wp-json\/wp\/v2\/tags?post=630"}],"curies":[{"name":"wp","href":"https:\/\/api.w.org\/{rel}","templated":true}]}}