{"id":6680,"date":"2017-04-25T20:07:50","date_gmt":"2017-04-25T20:07:50","guid":{"rendered":"http:\/\/colegiomariareina.cl\/2013\/?p=6680"},"modified":"2017-04-25T20:07:50","modified_gmt":"2017-04-25T20:07:50","slug":"dia-del-carabinero-24-de-abril-2017","status":"publish","type":"post","link":"https:\/\/colegiomariareina.cl\/2025\/dia-del-carabinero-24-de-abril-2017\/","title":{"rendered":"D\u00cdA DEL CARABINERO.- 24 de Abril 2017"},"content":{"rendered":"<p>&#8220;Un Carabinero es una persona que tiene por misi\u00f3n resguardar el orden,la paz,velar por el cumplimiento y respeto de las leyes&#8221;.<\/p>\n<p style=\"text-align: justify;\">Los ni\u00f1os y ni\u00f1as de nuestro colegio ,quieren hacer un homenaje a nuestros Carabineros de Isla de Maipo, que cumplen un a\u00f1o m\u00e1s,el d\u00eda 27 de Abril,cuando fue creada la instituci\u00f3n en el a\u00f1o 1927 por el General Carlos Iba\u00f1ez del Campo.<\/p>\n<p><a href=\"http:\/\/colegiomariareina.cl\/2013\/wp-content\/uploads\/2017\/04\/81.jpg\"><img loading=\"lazy\" decoding=\"async\" class=\"aligncenter size-medium wp-image-6691\" alt=\"8\" src=\"http:\/\/colegiomariareina.cl\/2013\/wp-content\/uploads\/2017\/04\/81-300x200.jpg\" width=\"300\" height=\"200\" \/><\/a> <a href=\"http:\/\/colegiomariareina.cl\/2013\/wp-content\/uploads\/2017\/04\/111.jpg\"><img loading=\"lazy\" decoding=\"async\" class=\"aligncenter size-medium wp-image-6690\" alt=\"11\" src=\"http:\/\/colegiomariareina.cl\/2013\/wp-content\/uploads\/2017\/04\/111-300x200.jpg\" width=\"300\" height=\"200\" \/><\/a> <a href=\"http:\/\/colegiomariareina.cl\/2013\/wp-content\/uploads\/2017\/04\/10.jpg\"><img loading=\"lazy\" decoding=\"async\" class=\"aligncenter size-medium wp-image-6689\" alt=\"10\" src=\"http:\/\/colegiomariareina.cl\/2013\/wp-content\/uploads\/2017\/04\/10-300x200.jpg\" width=\"300\" height=\"200\" \/><\/a> <a href=\"http:\/\/colegiomariareina.cl\/2013\/wp-content\/uploads\/2017\/04\/9.jpg\"><img loading=\"lazy\" decoding=\"async\" class=\"aligncenter size-medium wp-image-6688\" alt=\"9\" src=\"http:\/\/colegiomariareina.cl\/2013\/wp-content\/uploads\/2017\/04\/9-300x200.jpg\" width=\"300\" height=\"200\" \/><\/a> <a href=\"http:\/\/colegiomariareina.cl\/2013\/wp-content\/uploads\/2017\/04\/8.jpg\"><img loading=\"lazy\" decoding=\"async\" class=\"aligncenter size-medium wp-image-6687\" alt=\"8\" src=\"http:\/\/colegiomariareina.cl\/2013\/wp-content\/uploads\/2017\/04\/8-300x200.jpg\" width=\"300\" height=\"200\" \/><\/a> <a href=\"http:\/\/colegiomariareina.cl\/2013\/wp-content\/uploads\/2017\/04\/6.jpg\"><img loading=\"lazy\" decoding=\"async\" class=\"aligncenter size-medium wp-image-6686\" alt=\"6\" src=\"http:\/\/colegiomariareina.cl\/2013\/wp-content\/uploads\/2017\/04\/6-300x200.jpg\" width=\"300\" height=\"200\" \/><\/a> <a href=\"http:\/\/colegiomariareina.cl\/2013\/wp-content\/uploads\/2017\/04\/5.jpg\"><img loading=\"lazy\" decoding=\"async\" class=\"aligncenter size-medium wp-image-6685\" alt=\"5\" src=\"http:\/\/colegiomariareina.cl\/2013\/wp-content\/uploads\/2017\/04\/5-300x200.jpg\" width=\"300\" height=\"200\" \/><\/a> <a href=\"http:\/\/colegiomariareina.cl\/2013\/wp-content\/uploads\/2017\/04\/4.jpg\"><img loading=\"lazy\" decoding=\"async\" class=\"aligncenter size-medium wp-image-6684\" alt=\"4\" src=\"http:\/\/colegiomariareina.cl\/2013\/wp-content\/uploads\/2017\/04\/4-300x200.jpg\" width=\"300\" height=\"200\" \/><\/a> <a href=\"http:\/\/colegiomariareina.cl\/2013\/wp-content\/uploads\/2017\/04\/3.jpg\"><img loading=\"lazy\" decoding=\"async\" class=\"size-medium wp-image-6683 aligncenter\" alt=\"3\" src=\"http:\/\/colegiomariareina.cl\/2013\/wp-content\/uploads\/2017\/04\/3-300x200.jpg\" width=\"300\" height=\"200\" \/><\/a><\/p>\n","protected":false},"excerpt":{"rendered":"<p>&#8220;Un Carabinero es una persona que tiene por misi\u00f3n resguardar el orden,la paz,velar por el cumplimiento y respeto de las leyes&#8221;. Los ni\u00f1os y ni\u00f1as de nuestro colegio ,quieren hacer un homenaje a nuestros Carabineros de Isla de Maipo, que cumplen un a\u00f1o m\u00e1s,el d\u00eda 27 de Abril,cuando fue creada la instituci\u00f3n en el a\u00f1o [&hellip;]<\/p>\n","protected":false},"author":1,"featured_media":6687,"comment_status":"open","ping_status":"open","sticky":false,"template":"","format":"standard","meta":{"_et_pb_use_builder":"","_et_pb_old_content":"","_et_gb_content_width":"","footnotes":""},"categories":[3],"tags":[],"class_list":["post-6680","post","type-post","status-publish","format-standard","has-post-thumbnail","hentry","category-noticias"],"_links":{"self":[{"href":"https:\/\/colegiomariareina.cl\/2025\/wp-json\/wp\/v2\/posts\/6680","targetHints":{"allow":["GET"]}}],"collection":[{"href":"https:\/\/colegiomariareina.cl\/2025\/wp-json\/wp\/v2\/posts"}],"about":[{"href":"https:\/\/colegiomariareina.cl\/2025\/wp-json\/wp\/v2\/types\/post"}],"author":[{"embeddable":true,"href":"https:\/\/colegiomariareina.cl\/2025\/wp-json\/wp\/v2\/users\/1"}],"replies":[{"embeddable":true,"href":"https:\/\/colegiomariareina.cl\/2025\/wp-json\/wp\/v2\/comments?post=6680"}],"version-history":[{"count":0,"href":"https:\/\/colegiomariareina.cl\/2025\/wp-json\/wp\/v2\/posts\/6680\/revisions"}],"wp:featuredmedia":[{"embeddable":true,"href":"https:\/\/colegiomariareina.cl\/2025\/wp-json\/"}],"wp:attachment":[{"href":"https:\/\/colegiomariareina.cl\/2025\/wp-json\/wp\/v2\/media?parent=6680"}],"wp:term":[{"taxonomy":"category","embeddable":true,"href":"https:\/\/colegiomariareina.cl\/2025\/wp-json\/wp\/v2\/categories?post=6680"},{"taxonomy":"post_tag","embeddable":true,"href":"https:\/\/colegiomariareina.cl\/2025\/wp-json\/wp\/v2\/tags?post=6680"}],"curies":[{"name":"wp","href":"https:\/\/api.w.org\/{rel}","templated":true}]}}