{"id":6700,"date":"2017-04-25T22:23:51","date_gmt":"2017-04-25T22:23:51","guid":{"rendered":"http:\/\/colegiomariareina.cl\/2013\/?p=6700"},"modified":"2017-04-25T22:23:51","modified_gmt":"2017-04-25T22:23:51","slug":"dia-de-la-vida-saludable-2017","status":"publish","type":"post","link":"https:\/\/colegiomariareina.cl\/2025\/dia-de-la-vida-saludable-2017\/","title":{"rendered":"D\u00cdA DE LA ACTIVIDAD F\u00cdSICA Y ALIMENTACI\u00d3N SALUDABLE &#8211; 2017.-"},"content":{"rendered":"<h1 style=\"text-align: center;\">DEPARTAMENTO DE ARTES,M\u00daSICA Y EDUCACI\u00d3N F\u00cdSICA.<\/h1>\n<p>&nbsp;<\/p>\n<p><iframe loading=\"lazy\" src=\"https:\/\/www.youtube.com\/embed\/kf3cNBHRJtI\" height=\"315\" width=\"560\" allowfullscreen=\"\" frameborder=\"0\"><\/iframe><\/p>\n","protected":false},"excerpt":{"rendered":"<p>DEPARTAMENTO DE ARTES,M\u00daSICA Y EDUCACI\u00d3N F\u00cdSICA. &nbsp;<\/p>\n","protected":false},"author":1,"featured_media":6701,"comment_status":"open","ping_status":"open","sticky":false,"template":"","format":"standard","meta":{"_et_pb_use_builder":"","_et_pb_old_content":"","_et_gb_content_width":"","footnotes":""},"categories":[3],"tags":[],"class_list":["post-6700","post","type-post","status-publish","format-standard","has-post-thumbnail","hentry","category-noticias"],"_links":{"self":[{"href":"https:\/\/colegiomariareina.cl\/2025\/wp-json\/wp\/v2\/posts\/6700","targetHints":{"allow":["GET"]}}],"collection":[{"href":"https:\/\/colegiomariareina.cl\/2025\/wp-json\/wp\/v2\/posts"}],"about":[{"href":"https:\/\/colegiomariareina.cl\/2025\/wp-json\/wp\/v2\/types\/post"}],"author":[{"embeddable":true,"href":"https:\/\/colegiomariareina.cl\/2025\/wp-json\/wp\/v2\/users\/1"}],"replies":[{"embeddable":true,"href":"https:\/\/colegiomariareina.cl\/2025\/wp-json\/wp\/v2\/comments?post=6700"}],"version-history":[{"count":0,"href":"https:\/\/colegiomariareina.cl\/2025\/wp-json\/wp\/v2\/posts\/6700\/revisions"}],"wp:featuredmedia":[{"embeddable":true,"href":"https:\/\/colegiomariareina.cl\/2025\/wp-json\/"}],"wp:attachment":[{"href":"https:\/\/colegiomariareina.cl\/2025\/wp-json\/wp\/v2\/media?parent=6700"}],"wp:term":[{"taxonomy":"category","embeddable":true,"href":"https:\/\/colegiomariareina.cl\/2025\/wp-json\/wp\/v2\/categories?post=6700"},{"taxonomy":"post_tag","embeddable":true,"href":"https:\/\/colegiomariareina.cl\/2025\/wp-json\/wp\/v2\/tags?post=6700"}],"curies":[{"name":"wp","href":"https:\/\/api.w.org\/{rel}","templated":true}]}}