{"id":6705,"date":"2017-04-28T18:38:06","date_gmt":"2017-04-28T18:38:06","guid":{"rendered":"http:\/\/colegiomariareina.cl\/2013\/?p=6705"},"modified":"2017-04-28T18:38:06","modified_gmt":"2017-04-28T18:38:06","slug":"primer-encuentro-de-agentes-ciudadanos-miercoles-26-de-abril-de-2017","status":"publish","type":"post","link":"https:\/\/colegiomariareina.cl\/2025\/primer-encuentro-de-agentes-ciudadanos-miercoles-26-de-abril-de-2017\/","title":{"rendered":"PRIMER ENCUENTRO DE AGENTES CIUDADANOS.-Mi\u00e9rcoles 26 de abril de 2017"},"content":{"rendered":"<p>          Para promover, comprender, fomentar y valorar la participaci\u00f3n ciudadana, el colegio realizo el d\u00eda 26 de abril el primer encuentro de agentes ciudadanos con alumnos elegidos por sus pares desde quinto a cuarto a\u00f1o medio, quienes tendr\u00e1n la responsabilidad  de ayudar a construir un colegio justo y democr\u00e1tico.<br \/>\n \tFelicitaciones a los agentes ciudadanos, que son un reflejo del perfil Josefino Trinitario.<\/p>\n<p><a href=\"http:\/\/colegiomariareina.cl\/2013\/wp-content\/uploads\/2017\/04\/IMG_4155.jpg\"><img loading=\"lazy\" decoding=\"async\" src=\"http:\/\/colegiomariareina.cl\/2013\/wp-content\/uploads\/2017\/04\/IMG_4155-100x100.jpg\" alt=\"IMG_4155\" width=\"100\" height=\"100\" class=\"aligncenter size-thumbnail wp-image-6707\" \/><\/a><\/p>\n<p><a href=\"http:\/\/colegiomariareina.cl\/2013\/wp-content\/uploads\/2017\/04\/IMG_4179.jpg\"><img loading=\"lazy\" decoding=\"async\" src=\"http:\/\/colegiomariareina.cl\/2013\/wp-content\/uploads\/2017\/04\/IMG_4179-100x100.jpg\" alt=\"IMG_4179\" width=\"100\" height=\"100\" class=\"aligncenter size-thumbnail wp-image-6708\" \/><\/a><\/p>\n<p><a href=\"http:\/\/colegiomariareina.cl\/2013\/wp-content\/uploads\/2017\/04\/IMG_4184.jpg\"><img loading=\"lazy\" decoding=\"async\" src=\"http:\/\/colegiomariareina.cl\/2013\/wp-content\/uploads\/2017\/04\/IMG_4184-100x100.jpg\" alt=\"IMG_4184\" width=\"100\" height=\"100\" class=\"aligncenter size-thumbnail wp-image-6709\" \/><\/a><\/p>\n<p><a href=\"http:\/\/colegiomariareina.cl\/2013\/wp-content\/uploads\/2017\/04\/IMG_4186.jpg\"><img loading=\"lazy\" decoding=\"async\" src=\"http:\/\/colegiomariareina.cl\/2013\/wp-content\/uploads\/2017\/04\/IMG_4186-100x100.jpg\" alt=\"IMG_4186\" width=\"100\" height=\"100\" class=\"aligncenter size-thumbnail wp-image-6710\" \/><\/a><\/p>\n<p><a href=\"http:\/\/colegiomariareina.cl\/2013\/wp-content\/uploads\/2017\/04\/IMG_4188.jpg\"><img loading=\"lazy\" decoding=\"async\" src=\"http:\/\/colegiomariareina.cl\/2013\/wp-content\/uploads\/2017\/04\/IMG_4188-100x100.jpg\" alt=\"IMG_4188\" width=\"100\" height=\"100\" class=\"aligncenter size-thumbnail wp-image-6711\" \/><\/a><\/p>\n<p><a href=\"http:\/\/colegiomariareina.cl\/2013\/wp-content\/uploads\/2017\/04\/IMG_4205.jpg\"><img loading=\"lazy\" decoding=\"async\" src=\"http:\/\/colegiomariareina.cl\/2013\/wp-content\/uploads\/2017\/04\/IMG_4205-100x100.jpg\" alt=\"IMG_4205\" width=\"100\" height=\"100\" class=\"aligncenter size-thumbnail wp-image-6712\" \/><\/a><\/p>\n<p><a href=\"http:\/\/colegiomariareina.cl\/2013\/wp-content\/uploads\/2017\/04\/IMG_4212.jpg\"><img loading=\"lazy\" decoding=\"async\" src=\"http:\/\/colegiomariareina.cl\/2013\/wp-content\/uploads\/2017\/04\/IMG_4212-100x100.jpg\" alt=\"IMG_4212\" width=\"100\" height=\"100\" class=\"aligncenter size-thumbnail wp-image-6713\" \/><\/a><\/p>\n<p><a href=\"http:\/\/colegiomariareina.cl\/2013\/wp-content\/uploads\/2017\/04\/IMG_42211.jpg\"><img loading=\"lazy\" decoding=\"async\" src=\"http:\/\/colegiomariareina.cl\/2013\/wp-content\/uploads\/2017\/04\/IMG_42211-100x100.jpg\" alt=\"IMG_4221\" width=\"100\" height=\"100\" class=\"aligncenter size-thumbnail wp-image-6714\" \/><\/a><\/p>\n<p><a href=\"http:\/\/colegiomariareina.cl\/2013\/wp-content\/uploads\/2017\/04\/IMG_4232.jpg\"><img loading=\"lazy\" decoding=\"async\" src=\"http:\/\/colegiomariareina.cl\/2013\/wp-content\/uploads\/2017\/04\/IMG_4232-100x100.jpg\" alt=\"IMG_4232\" width=\"100\" height=\"100\" class=\"aligncenter size-thumbnail wp-image-6715\" \/><\/a><\/p>\n<p><a href=\"http:\/\/colegiomariareina.cl\/2013\/wp-content\/uploads\/2017\/04\/IMG_4239.jpg\"><img loading=\"lazy\" decoding=\"async\" src=\"http:\/\/colegiomariareina.cl\/2013\/wp-content\/uploads\/2017\/04\/IMG_4239-100x100.jpg\" alt=\"IMG_4239\" width=\"100\" height=\"100\" class=\"aligncenter size-thumbnail wp-image-6716\" \/><\/a><\/p>\n<p><a href=\"http:\/\/colegiomariareina.cl\/2013\/wp-content\/uploads\/2017\/04\/IMG_4250.jpg\"><img loading=\"lazy\" decoding=\"async\" src=\"http:\/\/colegiomariareina.cl\/2013\/wp-content\/uploads\/2017\/04\/IMG_4250-100x100.jpg\" alt=\"IMG_4250\" width=\"100\" height=\"100\" class=\"aligncenter size-thumbnail wp-image-6717\" \/><\/a><\/p>\n","protected":false},"excerpt":{"rendered":"<p>Para promover, comprender, fomentar y valorar la participaci\u00f3n ciudadana, el colegio realizo el d\u00eda 26 de abril el primer encuentro de agentes ciudadanos con alumnos elegidos por sus pares desde quinto a cuarto a\u00f1o medio, quienes tendr\u00e1n la responsabilidad de ayudar a construir un colegio justo y democr\u00e1tico. Felicitaciones a los agentes ciudadanos, que son [&hellip;]<\/p>\n","protected":false},"author":1,"featured_media":6706,"comment_status":"open","ping_status":"open","sticky":false,"template":"","format":"standard","meta":{"_et_pb_use_builder":"","_et_pb_old_content":"","_et_gb_content_width":"","footnotes":""},"categories":[3],"tags":[],"class_list":["post-6705","post","type-post","status-publish","format-standard","has-post-thumbnail","hentry","category-noticias"],"_links":{"self":[{"href":"https:\/\/colegiomariareina.cl\/2025\/wp-json\/wp\/v2\/posts\/6705","targetHints":{"allow":["GET"]}}],"collection":[{"href":"https:\/\/colegiomariareina.cl\/2025\/wp-json\/wp\/v2\/posts"}],"about":[{"href":"https:\/\/colegiomariareina.cl\/2025\/wp-json\/wp\/v2\/types\/post"}],"author":[{"embeddable":true,"href":"https:\/\/colegiomariareina.cl\/2025\/wp-json\/wp\/v2\/users\/1"}],"replies":[{"embeddable":true,"href":"https:\/\/colegiomariareina.cl\/2025\/wp-json\/wp\/v2\/comments?post=6705"}],"version-history":[{"count":0,"href":"https:\/\/colegiomariareina.cl\/2025\/wp-json\/wp\/v2\/posts\/6705\/revisions"}],"wp:featuredmedia":[{"embeddable":true,"href":"https:\/\/colegiomariareina.cl\/2025\/wp-json\/"}],"wp:attachment":[{"href":"https:\/\/colegiomariareina.cl\/2025\/wp-json\/wp\/v2\/media?parent=6705"}],"wp:term":[{"taxonomy":"category","embeddable":true,"href":"https:\/\/colegiomariareina.cl\/2025\/wp-json\/wp\/v2\/categories?post=6705"},{"taxonomy":"post_tag","embeddable":true,"href":"https:\/\/colegiomariareina.cl\/2025\/wp-json\/wp\/v2\/tags?post=6705"}],"curies":[{"name":"wp","href":"https:\/\/api.w.org\/{rel}","templated":true}]}}