{"id":6736,"date":"2017-04-28T19:14:15","date_gmt":"2017-04-28T19:14:15","guid":{"rendered":"http:\/\/colegiomariareina.cl\/2013\/?p=6736"},"modified":"2017-04-28T19:14:15","modified_gmt":"2017-04-28T19:14:15","slug":"dia-del-libro-24-de-abril-2017","status":"publish","type":"post","link":"https:\/\/colegiomariareina.cl\/2025\/dia-del-libro-24-de-abril-2017\/","title":{"rendered":"D\u00cdA DEL LIBRO.- 24 de Abril 2017"},"content":{"rendered":"<h2 style=\"text-align: justify;\">\u00a0 \u00a0 \u00a0 \u00a0Con motivo de la celebraci\u00f3n del D\u00eda Internacional del Libro y el Derecho de autor,nuestro colegio una vez m\u00e1s celebrar\u00e1 con una muestra de trabajos hechos por los estudiantes en la asignatura de lenguaje y comunicaci\u00f3n , como una forma de rendir un homenaje, descubrir el placer de la lectura y respetar la irremplazable contribuci\u00f3n de los autores al progreso social y cultural.<\/h2>\n<p><a href=\"http:\/\/colegiomariareina.cl\/2013\/wp-content\/uploads\/2017\/04\/91.jpg\"><img loading=\"lazy\" decoding=\"async\" class=\"aligncenter size-thumbnail wp-image-6744\" alt=\"9\" src=\"http:\/\/colegiomariareina.cl\/2013\/wp-content\/uploads\/2017\/04\/91-100x100.jpg\" width=\"100\" height=\"100\" \/><\/a> <a href=\"http:\/\/colegiomariareina.cl\/2013\/wp-content\/uploads\/2017\/04\/101.jpg\"><img loading=\"lazy\" decoding=\"async\" class=\"aligncenter size-thumbnail wp-image-6745\" alt=\"10\" src=\"http:\/\/colegiomariareina.cl\/2013\/wp-content\/uploads\/2017\/04\/101-100x100.jpg\" width=\"100\" height=\"100\" \/><\/a> <a href=\"http:\/\/colegiomariareina.cl\/2013\/wp-content\/uploads\/2017\/04\/112.jpg\"><img loading=\"lazy\" decoding=\"async\" class=\"aligncenter size-thumbnail wp-image-6746\" alt=\"11\" src=\"http:\/\/colegiomariareina.cl\/2013\/wp-content\/uploads\/2017\/04\/112-100x100.jpg\" width=\"100\" height=\"100\" \/><\/a> <a href=\"http:\/\/colegiomariareina.cl\/2013\/wp-content\/uploads\/2017\/04\/121.jpg\"><img loading=\"lazy\" decoding=\"async\" class=\"aligncenter size-thumbnail wp-image-6747\" alt=\"12\" src=\"http:\/\/colegiomariareina.cl\/2013\/wp-content\/uploads\/2017\/04\/121-100x100.jpg\" width=\"100\" height=\"100\" \/><\/a> <a href=\"http:\/\/colegiomariareina.cl\/2013\/wp-content\/uploads\/2017\/04\/131.jpg\"><img loading=\"lazy\" decoding=\"async\" class=\"aligncenter size-thumbnail wp-image-6748\" alt=\"13\" src=\"http:\/\/colegiomariareina.cl\/2013\/wp-content\/uploads\/2017\/04\/131-100x100.jpg\" width=\"100\" height=\"100\" \/><\/a> <a href=\"http:\/\/colegiomariareina.cl\/2013\/wp-content\/uploads\/2017\/04\/14.jpg\"><img loading=\"lazy\" decoding=\"async\" class=\"aligncenter size-thumbnail wp-image-6749\" alt=\"14\" src=\"http:\/\/colegiomariareina.cl\/2013\/wp-content\/uploads\/2017\/04\/14-100x100.jpg\" width=\"100\" height=\"100\" \/><\/a> <a href=\"http:\/\/colegiomariareina.cl\/2013\/wp-content\/uploads\/2017\/04\/15.jpg\"><img loading=\"lazy\" decoding=\"async\" class=\"aligncenter size-thumbnail wp-image-6750\" alt=\"15\" src=\"http:\/\/colegiomariareina.cl\/2013\/wp-content\/uploads\/2017\/04\/15-100x100.jpg\" width=\"100\" height=\"100\" \/><\/a> <a href=\"http:\/\/colegiomariareina.cl\/2013\/wp-content\/uploads\/2017\/04\/16.jpg\"><img loading=\"lazy\" decoding=\"async\" class=\"aligncenter size-thumbnail wp-image-6751\" alt=\"16\" src=\"http:\/\/colegiomariareina.cl\/2013\/wp-content\/uploads\/2017\/04\/16-100x100.jpg\" width=\"100\" height=\"100\" \/><\/a> <a href=\"http:\/\/colegiomariareina.cl\/2013\/wp-content\/uploads\/2017\/04\/17.jpg\"><img loading=\"lazy\" decoding=\"async\" class=\"aligncenter size-thumbnail wp-image-6752\" alt=\"17\" src=\"http:\/\/colegiomariareina.cl\/2013\/wp-content\/uploads\/2017\/04\/17-100x100.jpg\" width=\"100\" height=\"100\" \/><\/a> <a href=\"http:\/\/colegiomariareina.cl\/2013\/wp-content\/uploads\/2017\/04\/18.jpg\"><img loading=\"lazy\" decoding=\"async\" class=\"aligncenter size-thumbnail wp-image-6753\" alt=\"18\" src=\"http:\/\/colegiomariareina.cl\/2013\/wp-content\/uploads\/2017\/04\/18-100x100.jpg\" width=\"100\" height=\"100\" \/><\/a> <a href=\"http:\/\/colegiomariareina.cl\/2013\/wp-content\/uploads\/2017\/04\/20.jpg\"><img loading=\"lazy\" decoding=\"async\" class=\"aligncenter size-thumbnail wp-image-6754\" alt=\"20\" src=\"http:\/\/colegiomariareina.cl\/2013\/wp-content\/uploads\/2017\/04\/20-100x100.jpg\" width=\"100\" height=\"100\" \/><\/a> <a href=\"http:\/\/colegiomariareina.cl\/2013\/wp-content\/uploads\/2017\/04\/211.jpg\"><img loading=\"lazy\" decoding=\"async\" class=\"aligncenter size-thumbnail wp-image-6755\" alt=\"21\" src=\"http:\/\/colegiomariareina.cl\/2013\/wp-content\/uploads\/2017\/04\/211-100x100.jpg\" width=\"100\" height=\"100\" \/><\/a><\/p>\n","protected":false},"excerpt":{"rendered":"<p>\u00a0 \u00a0 \u00a0 \u00a0Con motivo de la celebraci\u00f3n del D\u00eda Internacional del Libro y el Derecho de autor,nuestro colegio una vez m\u00e1s celebrar\u00e1 con una muestra de trabajos hechos por los estudiantes en la asignatura de lenguaje y comunicaci\u00f3n , como una forma de rendir un homenaje, descubrir el placer de la lectura y respetar [&hellip;]<\/p>\n","protected":false},"author":1,"featured_media":6743,"comment_status":"open","ping_status":"open","sticky":false,"template":"","format":"standard","meta":{"_et_pb_use_builder":"","_et_pb_old_content":"","_et_gb_content_width":"","footnotes":""},"categories":[3],"tags":[],"class_list":["post-6736","post","type-post","status-publish","format-standard","has-post-thumbnail","hentry","category-noticias"],"_links":{"self":[{"href":"https:\/\/colegiomariareina.cl\/2025\/wp-json\/wp\/v2\/posts\/6736","targetHints":{"allow":["GET"]}}],"collection":[{"href":"https:\/\/colegiomariareina.cl\/2025\/wp-json\/wp\/v2\/posts"}],"about":[{"href":"https:\/\/colegiomariareina.cl\/2025\/wp-json\/wp\/v2\/types\/post"}],"author":[{"embeddable":true,"href":"https:\/\/colegiomariareina.cl\/2025\/wp-json\/wp\/v2\/users\/1"}],"replies":[{"embeddable":true,"href":"https:\/\/colegiomariareina.cl\/2025\/wp-json\/wp\/v2\/comments?post=6736"}],"version-history":[{"count":0,"href":"https:\/\/colegiomariareina.cl\/2025\/wp-json\/wp\/v2\/posts\/6736\/revisions"}],"wp:featuredmedia":[{"embeddable":true,"href":"https:\/\/colegiomariareina.cl\/2025\/wp-json\/"}],"wp:attachment":[{"href":"https:\/\/colegiomariareina.cl\/2025\/wp-json\/wp\/v2\/media?parent=6736"}],"wp:term":[{"taxonomy":"category","embeddable":true,"href":"https:\/\/colegiomariareina.cl\/2025\/wp-json\/wp\/v2\/categories?post=6736"},{"taxonomy":"post_tag","embeddable":true,"href":"https:\/\/colegiomariareina.cl\/2025\/wp-json\/wp\/v2\/tags?post=6736"}],"curies":[{"name":"wp","href":"https:\/\/api.w.org\/{rel}","templated":true}]}}