{"id":6802,"date":"2017-05-02T14:26:39","date_gmt":"2017-05-02T14:26:39","guid":{"rendered":"http:\/\/colegiomariareina.cl\/2013\/?p=6802"},"modified":"2017-05-02T14:26:39","modified_gmt":"2017-05-02T14:26:39","slug":"entrega-misionera","status":"publish","type":"post","link":"https:\/\/colegiomariareina.cl\/2025\/entrega-misionera\/","title":{"rendered":"ENTREGA MISIONERA"},"content":{"rendered":"<p><iframe loading=\"lazy\" src=\"https:\/\/www.youtube.com\/embed\/MBZXxdT-hQQ\" height=\"315\" width=\"560\" allowfullscreen=\"\" frameborder=\"0\"><\/iframe><\/p>\n<h4 style=\"text-align: justify;\">MISI\u00d3N HEROICA DEL SUR !<\/h4>\n<h4 style=\"text-align: justify;\">Experiencias de Semana Santa 2017<\/h4>\n<h4 style=\"text-align: justify;\">Vayamos a donde Dios nos lleve (P. Eladio)<\/h4>\n<h4 style=\"text-align: justify;\">Esta frase de mi fundador, hace eco con la experiencia vivida en estos d\u00edas de semana santa. Dios me llevo a vivir una misi\u00f3n heroica, experimentando en carne propia el Misterio Pascual.<\/h4>\n<h4 style=\"text-align: justify;\">Creo que la gente del sector de Nirivilo, La Corriente, Los Naranjos\u2026 en la regi\u00f3n del Maule, ya hab\u00edan vivido el Viernes Santo con experiencias de mucho dolor y sufrimiento, compartiendo sus penas por todo lo que perdieron, pero nunca perdieron la fe en Dios, todo lo contrario, se fortaleci\u00f3 \u00a0despu\u00e9s de esta tragedia, creyeron con m\u00e1s fuera porque sintieron que Dios no los abandona en el sufrimiento, en sus momentos de tristeza y desesperaci\u00f3n. La presencia amorosa de Dios, se hizo presente con la ayuda sobreabundante que recibieron.<\/h4>\n<h4 style=\"text-align: justify;\">Ahora hab\u00eda que pasar a la alegr\u00eda de la pascua, vivenciar este misterio, dando sentido\u00a0 cristiano a las experiencias vividas. Todo cobra sentido con Cristo resucitado, la tristeza se transforma en alegr\u00eda y en gozo. La desesperaci\u00f3n se transforma en paz y confianza. El amor y la fe se transforman, entonces, en la fuerza para seguir luchando por la vida.<\/h4>\n<h4 style=\"text-align: justify;\">Gracias Padre Dios, por esta experiencia de vivir el Misterio\u00a0 Pascual juntos a los profesores y estudiantes Josefinos-Trinitarios.<\/h4>\n<h4 style=\"text-align: justify;\">HNA. Arcelia J.T.<\/h4>\n","protected":false},"excerpt":{"rendered":"<p>MISI\u00d3N HEROICA DEL SUR ! Experiencias de Semana Santa 2017 Vayamos a donde Dios nos lleve (P. Eladio) Esta frase de mi fundador, hace eco con la experiencia vivida en estos d\u00edas de semana santa. Dios me llevo a vivir una misi\u00f3n heroica, experimentando en carne propia el Misterio Pascual. Creo que la gente del [&hellip;]<\/p>\n","protected":false},"author":1,"featured_media":6803,"comment_status":"open","ping_status":"open","sticky":false,"template":"","format":"standard","meta":{"_et_pb_use_builder":"","_et_pb_old_content":"","_et_gb_content_width":"","footnotes":""},"categories":[3],"tags":[],"class_list":["post-6802","post","type-post","status-publish","format-standard","has-post-thumbnail","hentry","category-noticias"],"_links":{"self":[{"href":"https:\/\/colegiomariareina.cl\/2025\/wp-json\/wp\/v2\/posts\/6802","targetHints":{"allow":["GET"]}}],"collection":[{"href":"https:\/\/colegiomariareina.cl\/2025\/wp-json\/wp\/v2\/posts"}],"about":[{"href":"https:\/\/colegiomariareina.cl\/2025\/wp-json\/wp\/v2\/types\/post"}],"author":[{"embeddable":true,"href":"https:\/\/colegiomariareina.cl\/2025\/wp-json\/wp\/v2\/users\/1"}],"replies":[{"embeddable":true,"href":"https:\/\/colegiomariareina.cl\/2025\/wp-json\/wp\/v2\/comments?post=6802"}],"version-history":[{"count":0,"href":"https:\/\/colegiomariareina.cl\/2025\/wp-json\/wp\/v2\/posts\/6802\/revisions"}],"wp:featuredmedia":[{"embeddable":true,"href":"https:\/\/colegiomariareina.cl\/2025\/wp-json\/"}],"wp:attachment":[{"href":"https:\/\/colegiomariareina.cl\/2025\/wp-json\/wp\/v2\/media?parent=6802"}],"wp:term":[{"taxonomy":"category","embeddable":true,"href":"https:\/\/colegiomariareina.cl\/2025\/wp-json\/wp\/v2\/categories?post=6802"},{"taxonomy":"post_tag","embeddable":true,"href":"https:\/\/colegiomariareina.cl\/2025\/wp-json\/wp\/v2\/tags?post=6802"}],"curies":[{"name":"wp","href":"https:\/\/api.w.org\/{rel}","templated":true}]}}