{"id":8247,"date":"2017-08-27T00:04:13","date_gmt":"2017-08-27T00:04:13","guid":{"rendered":"http:\/\/colegiomariareina.cl\/2013\/?p=8247"},"modified":"2017-08-27T00:04:13","modified_gmt":"2017-08-27T00:04:13","slug":"torneos-de-debate-en-agosto","status":"publish","type":"post","link":"https:\/\/colegiomariareina.cl\/2025\/torneos-de-debate-en-agosto\/","title":{"rendered":"TORNEOS DE DEBATE EN AGOSTO-2017"},"content":{"rendered":"<p>Durante este mes, nuestro colegio fue invitado a participar en dos torneos de Debate para la ense\u00f1anza media, donde cada equipo se prepar\u00f3, con mucha lectura e intercambio de ideas, apoyados por una parte por la profesora <strong>Alejandra Peralta<\/strong> que dirigi\u00f3 al grupo que particip\u00f3 en el Torneo de Talagante con los estudiantes Juan Vergara, Esteban S\u00e1nchez, Javier Rojas, Giovanni Gonz\u00e1lez e Ignacio\u00a0 Duque. Y por la profesora <strong>Magaly Vargas<\/strong> quien estuvo a cargo de los\u00a0 estudiantes que\u00a0 asistieron a la invitaci\u00f3n realizada por el Instituto Profesional Aiep en Santiago, con grupo conformado por \u00c1ngela Borgo\u00f1o, Mariel Hern\u00e1ndez, Cristian Alvarado, Maximiliano Catal\u00e1n, Mart\u00edn Riquelme y Diego Fuentes.<\/p>\n<p style=\"text-align: justify;\">\u00a0 En esta\u00a0 ocasi\u00f3n no ganamos, no obstante\u00a0 agradecemos la voluntad y disposici\u00f3n a\u00a0 participar de esta instancia de crecimiento personal e intelectual, que\u00a0 sin duda\u00a0 traer\u00e1 excelentes\u00a0 frutos mientras m\u00e1s ejercitemos y reflexionemos, con el s\u00f3lo af\u00e1n de aprender para ser mejores.<\/p>\n<p style=\"text-align: justify;\">Felicitaciones y a seguir trabajando.<\/p>\n<p style=\"text-align: justify;\"><a href=\"http:\/\/colegiomariareina.cl\/2013\/wp-content\/uploads\/2017\/08\/2017-08-26-PHOTO-000000131.jpg\"><img loading=\"lazy\" decoding=\"async\" class=\"aligncenter size-thumbnail wp-image-8251\" alt=\"2017-08-26-photo-00000013\" src=\"http:\/\/colegiomariareina.cl\/2013\/wp-content\/uploads\/2017\/08\/2017-08-26-PHOTO-000000131-100x100.jpg\" width=\"100\" height=\"100\" \/><\/a> <a href=\"http:\/\/colegiomariareina.cl\/2013\/wp-content\/uploads\/2017\/08\/2017-08-26-PHOTO-000000121.jpg\"><img loading=\"lazy\" decoding=\"async\" class=\"aligncenter size-thumbnail wp-image-8253\" alt=\"2017-08-26-photo-00000012\" src=\"http:\/\/colegiomariareina.cl\/2013\/wp-content\/uploads\/2017\/08\/2017-08-26-PHOTO-000000121-100x100.jpg\" width=\"100\" height=\"100\" \/><\/a> <a href=\"http:\/\/colegiomariareina.cl\/2013\/wp-content\/uploads\/2017\/08\/2017-08-26-PHOTO-000000132.jpg\"><img loading=\"lazy\" decoding=\"async\" class=\"aligncenter size-thumbnail wp-image-8254\" alt=\"2017-08-26-photo-00000013\" src=\"http:\/\/colegiomariareina.cl\/2013\/wp-content\/uploads\/2017\/08\/2017-08-26-PHOTO-000000132-100x100.jpg\" width=\"100\" height=\"100\" \/><\/a> <a href=\"http:\/\/colegiomariareina.cl\/2013\/wp-content\/uploads\/2017\/08\/GASTOS-Shortcut.lnk_.jpg\"><img loading=\"lazy\" decoding=\"async\" class=\"aligncenter size-thumbnail wp-image-8255\" alt=\"gastos-shortcut-lnk\" src=\"http:\/\/colegiomariareina.cl\/2013\/wp-content\/uploads\/2017\/08\/GASTOS-Shortcut.lnk_-100x100.jpg\" width=\"100\" height=\"100\" \/><\/a> <a href=\"http:\/\/colegiomariareina.cl\/2013\/wp-content\/uploads\/2017\/08\/IMG_4485.jpg\"><img loading=\"lazy\" decoding=\"async\" class=\"aligncenter size-thumbnail wp-image-8256\" alt=\"img_4485\" src=\"http:\/\/colegiomariareina.cl\/2013\/wp-content\/uploads\/2017\/08\/IMG_4485-100x100.jpg\" width=\"100\" height=\"100\" \/><\/a><\/p>\n","protected":false},"excerpt":{"rendered":"<p>Durante este mes, nuestro colegio fue invitado a participar en dos torneos de Debate para la ense\u00f1anza media, donde cada equipo se prepar\u00f3, con mucha lectura e intercambio de ideas, apoyados por una parte por la profesora Alejandra Peralta que dirigi\u00f3 al grupo que particip\u00f3 en el Torneo de Talagante con los estudiantes Juan Vergara, [&hellip;]<\/p>\n","protected":false},"author":1,"featured_media":8248,"comment_status":"open","ping_status":"open","sticky":false,"template":"","format":"standard","meta":{"_et_pb_use_builder":"","_et_pb_old_content":"","_et_gb_content_width":"","footnotes":""},"categories":[3],"tags":[],"class_list":["post-8247","post","type-post","status-publish","format-standard","has-post-thumbnail","hentry","category-noticias"],"_links":{"self":[{"href":"https:\/\/colegiomariareina.cl\/2025\/wp-json\/wp\/v2\/posts\/8247","targetHints":{"allow":["GET"]}}],"collection":[{"href":"https:\/\/colegiomariareina.cl\/2025\/wp-json\/wp\/v2\/posts"}],"about":[{"href":"https:\/\/colegiomariareina.cl\/2025\/wp-json\/wp\/v2\/types\/post"}],"author":[{"embeddable":true,"href":"https:\/\/colegiomariareina.cl\/2025\/wp-json\/wp\/v2\/users\/1"}],"replies":[{"embeddable":true,"href":"https:\/\/colegiomariareina.cl\/2025\/wp-json\/wp\/v2\/comments?post=8247"}],"version-history":[{"count":0,"href":"https:\/\/colegiomariareina.cl\/2025\/wp-json\/wp\/v2\/posts\/8247\/revisions"}],"wp:featuredmedia":[{"embeddable":true,"href":"https:\/\/colegiomariareina.cl\/2025\/wp-json\/"}],"wp:attachment":[{"href":"https:\/\/colegiomariareina.cl\/2025\/wp-json\/wp\/v2\/media?parent=8247"}],"wp:term":[{"taxonomy":"category","embeddable":true,"href":"https:\/\/colegiomariareina.cl\/2025\/wp-json\/wp\/v2\/categories?post=8247"},{"taxonomy":"post_tag","embeddable":true,"href":"https:\/\/colegiomariareina.cl\/2025\/wp-json\/wp\/v2\/tags?post=8247"}],"curies":[{"name":"wp","href":"https:\/\/api.w.org\/{rel}","templated":true}]}}