{"id":868,"date":"2013-11-04T19:59:36","date_gmt":"2013-11-04T19:59:36","guid":{"rendered":"http:\/\/colegiomariareina.cl\/2013\/?p=868"},"modified":"2018-06-08T21:28:43","modified_gmt":"2018-06-08T21:28:43","slug":"actos-de-ciclos","status":"publish","type":"post","link":"https:\/\/colegiomariareina.cl\/2025\/actos-de-ciclos\/","title":{"rendered":"Actos de ciclos"},"content":{"rendered":"<p><b>Primer ciclo:<\/b> Para lograr la formaci\u00f3n integral de los estudiantes y el amor a los signos patrios, el primer ciclo de Pre k\u00ednder a Cuatro B\u00e1sico inauguraron octubre como el mes de la biblioteca, incentivando as\u00ed la lectura, el respeto y la cultura c\u00edvica.<\/p>\n<p><a href=\"http:\/\/colegiomariareina.cl\/2013\/wp-content\/uploads\/2013\/11\/011.jpg\"><img loading=\"lazy\" decoding=\"async\" class=\"alignleft size-thumbnail wp-image-870\" alt=\"01\" src=\"http:\/\/colegiomariareina.cl\/2013\/wp-content\/uploads\/2013\/11\/011-100x100.jpg\" width=\"100\" height=\"100\" \/><\/a> <a href=\"http:\/\/colegiomariareina.cl\/2013\/wp-content\/uploads\/2013\/11\/021.jpg\"><img loading=\"lazy\" decoding=\"async\" class=\"alignleft size-thumbnail wp-image-871\" alt=\"02\" src=\"http:\/\/colegiomariareina.cl\/2013\/wp-content\/uploads\/2013\/11\/021-100x100.jpg\" width=\"100\" height=\"100\" \/><\/a> <a href=\"http:\/\/colegiomariareina.cl\/2013\/wp-content\/uploads\/2013\/11\/031.jpg\"><img loading=\"lazy\" decoding=\"async\" class=\"alignleft size-thumbnail wp-image-872\" alt=\"03\" src=\"http:\/\/colegiomariareina.cl\/2013\/wp-content\/uploads\/2013\/11\/031-100x100.jpg\" width=\"100\" height=\"100\" \/><\/a> <a href=\"http:\/\/colegiomariareina.cl\/2013\/wp-content\/uploads\/2013\/11\/041.jpg\"><img loading=\"lazy\" decoding=\"async\" class=\"alignleft size-thumbnail wp-image-873\" alt=\"04\" src=\"http:\/\/colegiomariareina.cl\/2013\/wp-content\/uploads\/2013\/11\/041-100x100.jpg\" width=\"100\" height=\"100\" \/><\/a><\/p>\n<p>&nbsp;<\/p>\n<p>&nbsp;<\/p>\n<p>&nbsp;<\/p>\n<p><b>Ense\u00f1anza t\u00e9cnico profesional:<\/b> Con ocasi\u00f3n de recordar la importancia de Mar\u00eda en nuestro caminar de fe, la ense\u00f1anza t\u00e9cnico profesional (Tercero y Cuarto Medio) inaugura el acto de noviembre reforzando la importancia de las especialidades, a la vez la identidad como Chilenos. As\u00ed tambi\u00e9n se aprovech\u00f3 la celebraci\u00f3n para reconocer a los estudiantes de cada de las especialidades que han participado en la capacitaci\u00f3n.<\/p>\n<p><a href=\"http:\/\/colegiomariareina.cl\/2013\/wp-content\/uploads\/2013\/11\/05.jpg\"><img loading=\"lazy\" decoding=\"async\" class=\"alignleft size-thumbnail wp-image-874\" alt=\"05\" src=\"http:\/\/colegiomariareina.cl\/2013\/wp-content\/uploads\/2013\/11\/05-100x100.jpg\" width=\"100\" height=\"100\" \/><\/a> <a href=\"http:\/\/colegiomariareina.cl\/2013\/wp-content\/uploads\/2013\/11\/06.jpg\"><img loading=\"lazy\" decoding=\"async\" class=\"alignleft size-thumbnail wp-image-875\" alt=\"06\" src=\"http:\/\/colegiomariareina.cl\/2013\/wp-content\/uploads\/2013\/11\/06-100x100.jpg\" width=\"100\" height=\"100\" \/><\/a> <a href=\"http:\/\/colegiomariareina.cl\/2013\/wp-content\/uploads\/2013\/11\/07.jpg\"><img loading=\"lazy\" decoding=\"async\" class=\"alignleft size-thumbnail wp-image-876\" alt=\"07\" src=\"http:\/\/colegiomariareina.cl\/2013\/wp-content\/uploads\/2013\/11\/07-100x100.jpg\" width=\"100\" height=\"100\" \/><\/a> <a href=\"http:\/\/colegiomariareina.cl\/2013\/wp-content\/uploads\/2013\/11\/08.jpg\"><img loading=\"lazy\" decoding=\"async\" class=\"alignleft size-thumbnail wp-image-877\" alt=\"08\" src=\"http:\/\/colegiomariareina.cl\/2013\/wp-content\/uploads\/2013\/11\/08-100x100.jpg\" width=\"100\" height=\"100\" \/><\/a><\/p>\n<p>&nbsp;<\/p>\n","protected":false},"excerpt":{"rendered":"<p>Primer ciclo: Para lograr la formaci\u00f3n integral de los estudiantes y el amor a los signos patrios, el primer ciclo de Pre k\u00ednder a Cuatro B\u00e1sico inauguraron octubre como el mes de la biblioteca, incentivando as\u00ed la lectura, el respeto y la cultura c\u00edvica. &nbsp; &nbsp; &nbsp; Ense\u00f1anza t\u00e9cnico profesional: Con ocasi\u00f3n de recordar la [&hellip;]<\/p>\n","protected":false},"author":1,"featured_media":877,"comment_status":"open","ping_status":"open","sticky":false,"template":"","format":"standard","meta":{"_et_pb_use_builder":"","_et_pb_old_content":"","_et_gb_content_width":"","footnotes":""},"categories":[3],"tags":[],"class_list":["post-868","post","type-post","status-publish","format-standard","has-post-thumbnail","hentry","category-noticias"],"_links":{"self":[{"href":"https:\/\/colegiomariareina.cl\/2025\/wp-json\/wp\/v2\/posts\/868","targetHints":{"allow":["GET"]}}],"collection":[{"href":"https:\/\/colegiomariareina.cl\/2025\/wp-json\/wp\/v2\/posts"}],"about":[{"href":"https:\/\/colegiomariareina.cl\/2025\/wp-json\/wp\/v2\/types\/post"}],"author":[{"embeddable":true,"href":"https:\/\/colegiomariareina.cl\/2025\/wp-json\/wp\/v2\/users\/1"}],"replies":[{"embeddable":true,"href":"https:\/\/colegiomariareina.cl\/2025\/wp-json\/wp\/v2\/comments?post=868"}],"version-history":[{"count":1,"href":"https:\/\/colegiomariareina.cl\/2025\/wp-json\/wp\/v2\/posts\/868\/revisions"}],"predecessor-version":[{"id":10566,"href":"https:\/\/colegiomariareina.cl\/2025\/wp-json\/wp\/v2\/posts\/868\/revisions\/10566"}],"wp:featuredmedia":[{"embeddable":true,"href":"https:\/\/colegiomariareina.cl\/2025\/wp-json\/wp\/v2\/media\/877"}],"wp:attachment":[{"href":"https:\/\/colegiomariareina.cl\/2025\/wp-json\/wp\/v2\/media?parent=868"}],"wp:term":[{"taxonomy":"category","embeddable":true,"href":"https:\/\/colegiomariareina.cl\/2025\/wp-json\/wp\/v2\/categories?post=868"},{"taxonomy":"post_tag","embeddable":true,"href":"https:\/\/colegiomariareina.cl\/2025\/wp-json\/wp\/v2\/tags?post=868"}],"curies":[{"name":"wp","href":"https:\/\/api.w.org\/{rel}","templated":true}]}}